{"id":78471,"date":"2026-01-21T10:32:15","date_gmt":"2026-01-21T08:32:15","guid":{"rendered":"https:\/\/www.fries-kt.com\/?p=78471"},"modified":"2026-02-03T16:38:40","modified_gmt":"2026-02-03T14:38:40","slug":"fries-amplia-ubicacion-sulz","status":"publish","type":"post","link":"https:\/\/www.fries-kt.com\/es\/fries-amplia-ubicacion-sulz\/","title":{"rendered":"Declaraci\u00f3n de ubicaci\u00f3n: FRIES Kunststofftechnik GmbH ampl\u00eda la ubicaci\u00f3n de Sulz con un nuevo edificio de oficinas y producci\u00f3n"},"content":{"rendered":"<div id=\"attachment_78533\" style=\"width: 310px\" class=\"wp-caption alignright\"><img decoding=\"async\" aria-describedby=\"caption-attachment-78533\" class=\"wp-image-78533 size-medium\" src=\"https:\/\/www.fries-kt.com\/wp-content\/uploads\/11109_VI_20231003_wag_Fries_Visualisierung_Bild_1-5-300x161.jpg\" alt=\"\" width=\"300\" height=\"161\" srcset=\"https:\/\/www.fries-kt.com\/wp-content\/uploads\/11109_VI_20231003_wag_Fries_Visualisierung_Bild_1-5-200x107.jpg 200w, https:\/\/www.fries-kt.com\/wp-content\/uploads\/11109_VI_20231003_wag_Fries_Visualisierung_Bild_1-5-300x161.jpg 300w, https:\/\/www.fries-kt.com\/wp-content\/uploads\/11109_VI_20231003_wag_Fries_Visualisierung_Bild_1-5-400x214.jpg 400w, https:\/\/www.fries-kt.com\/wp-content\/uploads\/11109_VI_20231003_wag_Fries_Visualisierung_Bild_1-5-600x321.jpg 600w, https:\/\/www.fries-kt.com\/wp-content\/uploads\/11109_VI_20231003_wag_Fries_Visualisierung_Bild_1-5-800x429.jpg 800w, https:\/\/www.fries-kt.com\/wp-content\/uploads\/11109_VI_20231003_wag_Fries_Visualisierung_Bild_1-5-1024x549.jpg 1024w, https:\/\/www.fries-kt.com\/wp-content\/uploads\/11109_VI_20231003_wag_Fries_Visualisierung_Bild_1-5-1200x643.jpg 1200w, https:\/\/www.fries-kt.com\/wp-content\/uploads\/11109_VI_20231003_wag_Fries_Visualisierung_Bild_1-5.jpg 1400w\" sizes=\"(max-width: 300px) 100vw, 300px\" \/><p id=\"caption-attachment-78533\" class=\"wp-caption-text\">\u00a9 Dr. Shebl &amp; Partner Generalplaner GmbH<\/p><\/div>\n<div class=\"flex flex-col text-sm pb-25\">\n<article class=\"text-token-text-primary w-full focus:outline-none [--shadow-height:45px] has-data-writing-block:pointer-events-none has-data-writing-block:-mt-(--shadow-height) has-data-writing-block:pt-(--shadow-height) [&amp;:has([data-writing-block])&gt;*]:pointer-events-auto scroll-mt-[calc(var(--header-height)+min(200px,max(70px,20svh)))]\" dir=\"auto\" tabindex=\"-1\" data-turn-id=\"request-WEB:8acf311c-6bc6-4d89-a4e2-b7edeab1ace3-13\" data-testid=\"conversation-turn-10\" data-scroll-anchor=\"true\" data-turn=\"assistant\">\n<div class=\"text-base my-auto mx-auto pb-10 [--thread-content-margin:--spacing(4)] @w-sm\/main:[--thread-content-margin:--spacing(6)] @w-lg\/main:[--thread-content-margin:--spacing(16)] px-(--thread-content-margin)\">\n<div class=\"[--thread-content-max-width:40rem] @w-lg\/main:[--thread-content-max-width:48rem] mx-auto max-w-(--thread-content-max-width) flex-1 group\/turn-messages focus-visible:outline-hidden relative flex w-full min-w-0 flex-col agent-turn\" tabindex=\"-1\">\n<div class=\"flex max-w-full flex-col grow\">\n<div class=\"min-h-8 text-message relative flex w-full flex-col items-end gap-2 text-start break-words whitespace-normal [.text-message+&amp;]:mt-1\" dir=\"auto\" data-message-author-role=\"assistant\" data-message-id=\"6714446d-9cf3-4f8d-bb52-6db6fddea273\" data-message-model-slug=\"gpt-5-mini\">\n<div class=\"flex w-full flex-col gap-1 empty:hidden first:pt-[1px]\">\n<div class=\"markdown prose dark:prose-invert w-full break-words light markdown-new-styling\">\n<p data-start=\"0\" data-end=\"734\" data-is-last-node=\"\" data-is-only-node=\"\">FRIES Kunststofftechnik GmbH apuesta por una estrategia de cuatro pilares, dividida en las \u00e1reas de negocio de envases industriales, cestas para lavado en gastronom\u00eda, cestas industriales y portapiezas, as\u00ed como piezas t\u00e9cnicas moldeadas. Esta estrategia constituye la base de la estabilidad de la empresa, que desde hace 70 a\u00f1os desarrolla y produce exclusivamente en Vorarlberg productos de pl\u00e1stico de alta calidad. El fuerte crecimiento en los \u00faltimos a\u00f1os y la cifra r\u00e9cord de ventas en el ejercicio econ\u00f3mico 2024 reflejan la continua evoluci\u00f3n de la empresa. \u00abAs\u00ed, el n\u00famero de empleados ha crecido de manera continua desde 2019\u00bb, dice Gerhard Bertsch, direcci\u00f3n. \u00abAhora hemos alcanzado finalmente nuestro l\u00edmite de capacidad.\u00bb<\/p>\n<\/div>\n<\/div>\n<\/div>\n<\/div>\n<div class=\"mt-3 w-full empty:hidden\">\n<div class=\"text-center\"><\/div>\n<\/div>\n<\/div>\n<\/div>\n<\/article>\n<\/div>\n<div class=\"pointer-events-none h-px w-px absolute bottom-0\" aria-hidden=\"true\" data-edge=\"true\">\n<h3 data-start=\"0\" data-end=\"41\">Nuevo edificio de oficinas y producci\u00f3n<\/h3>\n<p data-start=\"43\" data-end=\"723\" data-is-last-node=\"\" data-is-only-node=\"\">Por ello, FRIES Kunststofftechnik GmbH planea la ampliaci\u00f3n de la sede de la empresa en Sulz. A\u00fan en la primavera de 2026 se prev\u00e9 iniciar la construcci\u00f3n de un nuevo edificio de oficinas y producci\u00f3n de casi 4.500 metros cuadrados. El tiempo total de construcci\u00f3n se estima en dos a\u00f1os. \u00abCon este salto de tama\u00f1o seguimos comprometi\u00e9ndonos claramente con la ubicaci\u00f3n de Sulz y desafiamos el entorno econ\u00f3mico actual\u00bb, explica Bertsch. Sin embargo, no sin tomar posibles medidas preventivas, por ejemplo, respecto a la situaci\u00f3n de las cadenas de suministro. \u00abCon la ampliaci\u00f3n de los silos y una mayor capacidad de almacenamiento, somos m\u00e1s independientes y prevenimos riesgos.\u00bb<\/p>\n<p data-start=\"43\" data-end=\"723\" data-is-last-node=\"\" data-is-only-node=\"\">\n<\/div>\n<div id=\"attachment_78534\" style=\"width: 310px\" class=\"wp-caption alignleft\"><img decoding=\"async\" aria-describedby=\"caption-attachment-78534\" class=\"wp-image-78534 size-medium\" src=\"https:\/\/www.fries-kt.com\/wp-content\/uploads\/11109_VI_20231003_wag_Fries_Visualisierung_Bild_6-4-300x161.jpg\" alt=\"\" width=\"300\" height=\"161\" srcset=\"https:\/\/www.fries-kt.com\/wp-content\/uploads\/11109_VI_20231003_wag_Fries_Visualisierung_Bild_6-4-200x107.jpg 200w, https:\/\/www.fries-kt.com\/wp-content\/uploads\/11109_VI_20231003_wag_Fries_Visualisierung_Bild_6-4-300x161.jpg 300w, https:\/\/www.fries-kt.com\/wp-content\/uploads\/11109_VI_20231003_wag_Fries_Visualisierung_Bild_6-4-400x214.jpg 400w, https:\/\/www.fries-kt.com\/wp-content\/uploads\/11109_VI_20231003_wag_Fries_Visualisierung_Bild_6-4-600x321.jpg 600w, https:\/\/www.fries-kt.com\/wp-content\/uploads\/11109_VI_20231003_wag_Fries_Visualisierung_Bild_6-4-800x429.jpg 800w, https:\/\/www.fries-kt.com\/wp-content\/uploads\/11109_VI_20231003_wag_Fries_Visualisierung_Bild_6-4-1024x549.jpg 1024w, https:\/\/www.fries-kt.com\/wp-content\/uploads\/11109_VI_20231003_wag_Fries_Visualisierung_Bild_6-4-1200x643.jpg 1200w, https:\/\/www.fries-kt.com\/wp-content\/uploads\/11109_VI_20231003_wag_Fries_Visualisierung_Bild_6-4.jpg 1400w\" sizes=\"(max-width: 300px) 100vw, 300px\" \/><p id=\"caption-attachment-78534\" class=\"wp-caption-text\">\u00a9 Dr. Shebl &amp; Partner Generalplaner GmbH<\/p><\/div>\n<h3 data-start=\"0\" data-end=\"44\">Consciente del medio ambiente y sostenible<\/h3>\n<p data-start=\"46\" data-end=\"1118\" data-is-last-node=\"\" data-is-only-node=\"\">Anualmente, en la planta de Sulz se procesan alrededor de 5.000 toneladas de pl\u00e1stico. Todos los productos son soluciones reutilizables respetuosas con el medio ambiente. A ello se suman un uso reducido de material y un aumento del porcentaje de reciclaje, lo que subraya la actuaci\u00f3n sostenible y responsable de FRIES Kunststofftechnik GmbH. Esto tambi\u00e9n se refleja en el nuevo edificio de oficinas y producci\u00f3n. El techo se utilizar\u00e1 completamente para la generaci\u00f3n de electricidad y se equipar\u00e1 con m\u00f3dulos fotovoltaicos con una potencia de 105 kW\/P. La energ\u00eda obtenida est\u00e1, entre otras cosas, conectada a la bomba de calor industrial, que se utiliza principalmente para la refrigeraci\u00f3n. Sin embargo, la energ\u00eda solar tambi\u00e9n proporciona mayor seguridad de planificaci\u00f3n durante posibles crisis energ\u00e9ticas. \u00abNuestra inversi\u00f3n en infraestructura de 12 millones de euros tambi\u00e9n aporta una contribuci\u00f3n importante al valor regional y asegura puestos de trabajo\u00bb, destaca el director Gerhard Bertsch, haciendo hincapi\u00e9 en la ejecuci\u00f3n a trav\u00e9s de empresas regionales.<\/p>\n<h3 data-start=\"0\" data-end=\"30\">Gran sala social con terraza<\/h3>\n<p data-start=\"32\" data-end=\"1041\" data-is-last-node=\"\" data-is-only-node=\"\">En el nuevo pabell\u00f3n de producci\u00f3n se trasladar\u00e1n, adem\u00e1s de la inyecci\u00f3n de pl\u00e1stico, la construcci\u00f3n de moldes y el montaje de cestas. Un transporte automatizado de palets facilita la entrega, el traslado interno y la salida de materiales. Con un tama\u00f1o de 3.000 metros cuadrados, tambi\u00e9n se ha previsto suficiente capacidad para un crecimiento futuro. Lo mismo aplica para las oficinas. \u00abA pesar de la desaceleraci\u00f3n econ\u00f3mica, estamos bien posicionados\u00bb, afirma Bertsch, con optimismo frente a los desaf\u00edos de los pr\u00f3ximos a\u00f1os. Que FRIES Kunststofftechnik GmbH tambi\u00e9n se destaque como empleador lo demuestran los reconocimientos que ostenta: \u00abEmpresa formativa excelente\u00bb, \u00abEmpresa familiar m\u00e1s exitosa de Vorarlberg\u00bb y \u00abEmpresa familiarmente responsable\u00bb. Estos reconocimientos muestran que el bienestar del personal ocupa el primer lugar en la lista de prioridades. La gran sala social con terraza, que se construir\u00e1 en el nuevo bloque de oficinas, es otra medida para aumentar el factor de bienestar.<\/p>\n","protected":false},"excerpt":{"rendered":"<p>FRIES Kunststofftechnik GmbH ampl\u00eda su sede en Sulz: a partir de la primavera de 2026 se construir\u00e1 un nuevo edificio de oficinas y producci\u00f3n de aproximadamente 4.500 m\u00b2, un paso importante para garantizar un mayor crecimiento y unas condiciones de trabajo modernas. <a class=\"read-more\" href=\"https:\/\/www.fries-kt.com\/es\/fries-amplia-ubicacion-sulz\/\">[&#8230;]<\/a><\/p>\n","protected":false},"author":29,"featured_media":78533,"comment_status":"closed","ping_status":"closed","sticky":false,"template":"","format":"standard","meta":{"_acf_changed":false,"footnotes":""},"categories":[312],"tags":[],"class_list":["post-78471","post","type-post","status-publish","format-standard","has-post-thumbnail","hentry","category-actualidad-es"],"acf":[],"yoast_head":"<!-- This site is optimized with the Yoast SEO plugin v26.8 - https:\/\/yoast.com\/product\/yoast-seo-wordpress\/ -->\n<title>Declaraci\u00f3n de ubicaci\u00f3n: FRIES Kunststofftechnik GmbH ampl\u00eda la ubicaci\u00f3n de Sulz con un nuevo edificio de oficinas y producci\u00f3n - FRIES<\/title>\n<meta name=\"description\" content=\"FRIES Kunststofftechnik se compromete claramente con la ubicaci\u00f3n de Sulz e invierte alrededor de 12 millones de euros en un nuevo edificio de oficinas y producci\u00f3n.\" \/>\n<meta name=\"robots\" content=\"index, follow, max-snippet:-1, max-image-preview:large, max-video-preview:-1\" \/>\n<link rel=\"canonical\" href=\"https:\/\/www.fries-kt.com\/es\/fries-amplia-ubicacion-sulz\/\" \/>\n<meta name=\"twitter:label1\" content=\"Escrito por\" \/>\n\t<meta name=\"twitter:data1\" content=\"Leonie Konzett\" \/>\n\t<meta name=\"twitter:label2\" content=\"Tiempo de lectura\" \/>\n\t<meta name=\"twitter:data2\" content=\"4 minutos\" \/>\n<script type=\"application\/ld+json\" class=\"yoast-schema-graph\">{\"@context\":\"https:\/\/schema.org\",\"@graph\":[{\"@type\":\"Article\",\"@id\":\"https:\/\/www.fries-kt.com\/es\/fries-amplia-ubicacion-sulz\/#article\",\"isPartOf\":{\"@id\":\"https:\/\/www.fries-kt.com\/es\/fries-amplia-ubicacion-sulz\/\"},\"author\":{\"name\":\"Leonie Konzett\",\"@id\":\"https:\/\/www.fries-kt.com\/#\/schema\/person\/9f18129c8b4bbb33cf479091649b204f\"},\"headline\":\"Declaraci\u00f3n de ubicaci\u00f3n: FRIES Kunststofftechnik GmbH ampl\u00eda la ubicaci\u00f3n de Sulz con un nuevo edificio de oficinas y producci\u00f3n\",\"datePublished\":\"2026-01-21T08:32:15+00:00\",\"dateModified\":\"2026-02-03T14:38:40+00:00\",\"mainEntityOfPage\":{\"@id\":\"https:\/\/www.fries-kt.com\/es\/fries-amplia-ubicacion-sulz\/\"},\"wordCount\":647,\"publisher\":{\"@id\":\"https:\/\/www.fries-kt.com\/#organization\"},\"image\":{\"@id\":\"https:\/\/www.fries-kt.com\/es\/fries-amplia-ubicacion-sulz\/#primaryimage\"},\"thumbnailUrl\":\"https:\/\/www.fries-kt.com\/wp-content\/uploads\/11109_VI_20231003_wag_Fries_Visualisierung_Bild_1-5.jpg\",\"articleSection\":[\"Actualidad\"],\"inLanguage\":\"es\"},{\"@type\":\"WebPage\",\"@id\":\"https:\/\/www.fries-kt.com\/es\/fries-amplia-ubicacion-sulz\/\",\"url\":\"https:\/\/www.fries-kt.com\/es\/fries-amplia-ubicacion-sulz\/\",\"name\":\"Declaraci\u00f3n de ubicaci\u00f3n: FRIES Kunststofftechnik GmbH ampl\u00eda la ubicaci\u00f3n de Sulz con un nuevo edificio de oficinas y producci\u00f3n - FRIES\",\"isPartOf\":{\"@id\":\"https:\/\/www.fries-kt.com\/#website\"},\"primaryImageOfPage\":{\"@id\":\"https:\/\/www.fries-kt.com\/es\/fries-amplia-ubicacion-sulz\/#primaryimage\"},\"image\":{\"@id\":\"https:\/\/www.fries-kt.com\/es\/fries-amplia-ubicacion-sulz\/#primaryimage\"},\"thumbnailUrl\":\"https:\/\/www.fries-kt.com\/wp-content\/uploads\/11109_VI_20231003_wag_Fries_Visualisierung_Bild_1-5.jpg\",\"datePublished\":\"2026-01-21T08:32:15+00:00\",\"dateModified\":\"2026-02-03T14:38:40+00:00\",\"description\":\"FRIES Kunststofftechnik se compromete claramente con la ubicaci\u00f3n de Sulz e invierte alrededor de 12 millones de euros en un nuevo edificio de oficinas y producci\u00f3n.\",\"breadcrumb\":{\"@id\":\"https:\/\/www.fries-kt.com\/es\/fries-amplia-ubicacion-sulz\/#breadcrumb\"},\"inLanguage\":\"es\",\"potentialAction\":[{\"@type\":\"ReadAction\",\"target\":[\"https:\/\/www.fries-kt.com\/es\/fries-amplia-ubicacion-sulz\/\"]}]},{\"@type\":\"ImageObject\",\"inLanguage\":\"es\",\"@id\":\"https:\/\/www.fries-kt.com\/es\/fries-amplia-ubicacion-sulz\/#primaryimage\",\"url\":\"https:\/\/www.fries-kt.com\/wp-content\/uploads\/11109_VI_20231003_wag_Fries_Visualisierung_Bild_1-5.jpg\",\"contentUrl\":\"https:\/\/www.fries-kt.com\/wp-content\/uploads\/11109_VI_20231003_wag_Fries_Visualisierung_Bild_1-5.jpg\",\"width\":1400,\"height\":750},{\"@type\":\"BreadcrumbList\",\"@id\":\"https:\/\/www.fries-kt.com\/es\/fries-amplia-ubicacion-sulz\/#breadcrumb\",\"itemListElement\":[{\"@type\":\"ListItem\",\"position\":1,\"name\":\"Home\",\"item\":\"https:\/\/www.fries-kt.com\/es\/\"},{\"@type\":\"ListItem\",\"position\":2,\"name\":\"Declaraci\u00f3n de ubicaci\u00f3n: FRIES Kunststofftechnik GmbH ampl\u00eda la ubicaci\u00f3n de Sulz con un nuevo edificio de oficinas y producci\u00f3n\"}]},{\"@type\":\"WebSite\",\"@id\":\"https:\/\/www.fries-kt.com\/#website\",\"url\":\"https:\/\/www.fries-kt.com\/\",\"name\":\"FRIES\",\"description\":\"\",\"publisher\":{\"@id\":\"https:\/\/www.fries-kt.com\/#organization\"},\"potentialAction\":[{\"@type\":\"SearchAction\",\"target\":{\"@type\":\"EntryPoint\",\"urlTemplate\":\"https:\/\/www.fries-kt.com\/?s={search_term_string}\"},\"query-input\":{\"@type\":\"PropertyValueSpecification\",\"valueRequired\":true,\"valueName\":\"search_term_string\"}}],\"inLanguage\":\"es\"},{\"@type\":\"Organization\",\"@id\":\"https:\/\/www.fries-kt.com\/#organization\",\"name\":\"FRIES Kunststofftechnik GmbH\",\"url\":\"https:\/\/www.fries-kt.com\/\",\"logo\":{\"@type\":\"ImageObject\",\"inLanguage\":\"es\",\"@id\":\"https:\/\/www.fries-kt.com\/#\/schema\/logo\/image\/\",\"url\":\"https:\/\/www.fries-kt.com\/wp-content\/uploads\/fries-logo.png\",\"contentUrl\":\"https:\/\/www.fries-kt.com\/wp-content\/uploads\/fries-logo.png\",\"width\":120,\"height\":60,\"caption\":\"FRIES Kunststofftechnik GmbH\"},\"image\":{\"@id\":\"https:\/\/www.fries-kt.com\/#\/schema\/logo\/image\/\"},\"sameAs\":[\"https:\/\/www.facebook.com\/FRIESKunststofftechnik\/\",\"https:\/\/www.youtube.com\/channel\/UCc2UgnWJ9Y_-pIXbDIek7wQ\"]},{\"@type\":\"Person\",\"@id\":\"https:\/\/www.fries-kt.com\/#\/schema\/person\/9f18129c8b4bbb33cf479091649b204f\",\"name\":\"Leonie Konzett\"}]}<\/script>\n<!-- \/ Yoast SEO plugin. -->","yoast_head_json":{"title":"Declaraci\u00f3n de ubicaci\u00f3n: FRIES Kunststofftechnik GmbH ampl\u00eda la ubicaci\u00f3n de Sulz con un nuevo edificio de oficinas y producci\u00f3n - FRIES","description":"FRIES Kunststofftechnik se compromete claramente con la ubicaci\u00f3n de Sulz e invierte alrededor de 12 millones de euros en un nuevo edificio de oficinas y producci\u00f3n.","robots":{"index":"index","follow":"follow","max-snippet":"max-snippet:-1","max-image-preview":"max-image-preview:large","max-video-preview":"max-video-preview:-1"},"canonical":"https:\/\/www.fries-kt.com\/es\/fries-amplia-ubicacion-sulz\/","twitter_misc":{"Escrito por":"Leonie Konzett","Tiempo de lectura":"4 minutos"},"schema":{"@context":"https:\/\/schema.org","@graph":[{"@type":"Article","@id":"https:\/\/www.fries-kt.com\/es\/fries-amplia-ubicacion-sulz\/#article","isPartOf":{"@id":"https:\/\/www.fries-kt.com\/es\/fries-amplia-ubicacion-sulz\/"},"author":{"name":"Leonie Konzett","@id":"https:\/\/www.fries-kt.com\/#\/schema\/person\/9f18129c8b4bbb33cf479091649b204f"},"headline":"Declaraci\u00f3n de ubicaci\u00f3n: FRIES Kunststofftechnik GmbH ampl\u00eda la ubicaci\u00f3n de Sulz con un nuevo edificio de oficinas y producci\u00f3n","datePublished":"2026-01-21T08:32:15+00:00","dateModified":"2026-02-03T14:38:40+00:00","mainEntityOfPage":{"@id":"https:\/\/www.fries-kt.com\/es\/fries-amplia-ubicacion-sulz\/"},"wordCount":647,"publisher":{"@id":"https:\/\/www.fries-kt.com\/#organization"},"image":{"@id":"https:\/\/www.fries-kt.com\/es\/fries-amplia-ubicacion-sulz\/#primaryimage"},"thumbnailUrl":"https:\/\/www.fries-kt.com\/wp-content\/uploads\/11109_VI_20231003_wag_Fries_Visualisierung_Bild_1-5.jpg","articleSection":["Actualidad"],"inLanguage":"es"},{"@type":"WebPage","@id":"https:\/\/www.fries-kt.com\/es\/fries-amplia-ubicacion-sulz\/","url":"https:\/\/www.fries-kt.com\/es\/fries-amplia-ubicacion-sulz\/","name":"Declaraci\u00f3n de ubicaci\u00f3n: FRIES Kunststofftechnik GmbH ampl\u00eda la ubicaci\u00f3n de Sulz con un nuevo edificio de oficinas y producci\u00f3n - FRIES","isPartOf":{"@id":"https:\/\/www.fries-kt.com\/#website"},"primaryImageOfPage":{"@id":"https:\/\/www.fries-kt.com\/es\/fries-amplia-ubicacion-sulz\/#primaryimage"},"image":{"@id":"https:\/\/www.fries-kt.com\/es\/fries-amplia-ubicacion-sulz\/#primaryimage"},"thumbnailUrl":"https:\/\/www.fries-kt.com\/wp-content\/uploads\/11109_VI_20231003_wag_Fries_Visualisierung_Bild_1-5.jpg","datePublished":"2026-01-21T08:32:15+00:00","dateModified":"2026-02-03T14:38:40+00:00","description":"FRIES Kunststofftechnik se compromete claramente con la ubicaci\u00f3n de Sulz e invierte alrededor de 12 millones de euros en un nuevo edificio de oficinas y producci\u00f3n.","breadcrumb":{"@id":"https:\/\/www.fries-kt.com\/es\/fries-amplia-ubicacion-sulz\/#breadcrumb"},"inLanguage":"es","potentialAction":[{"@type":"ReadAction","target":["https:\/\/www.fries-kt.com\/es\/fries-amplia-ubicacion-sulz\/"]}]},{"@type":"ImageObject","inLanguage":"es","@id":"https:\/\/www.fries-kt.com\/es\/fries-amplia-ubicacion-sulz\/#primaryimage","url":"https:\/\/www.fries-kt.com\/wp-content\/uploads\/11109_VI_20231003_wag_Fries_Visualisierung_Bild_1-5.jpg","contentUrl":"https:\/\/www.fries-kt.com\/wp-content\/uploads\/11109_VI_20231003_wag_Fries_Visualisierung_Bild_1-5.jpg","width":1400,"height":750},{"@type":"BreadcrumbList","@id":"https:\/\/www.fries-kt.com\/es\/fries-amplia-ubicacion-sulz\/#breadcrumb","itemListElement":[{"@type":"ListItem","position":1,"name":"Home","item":"https:\/\/www.fries-kt.com\/es\/"},{"@type":"ListItem","position":2,"name":"Declaraci\u00f3n de ubicaci\u00f3n: FRIES Kunststofftechnik GmbH ampl\u00eda la ubicaci\u00f3n de Sulz con un nuevo edificio de oficinas y producci\u00f3n"}]},{"@type":"WebSite","@id":"https:\/\/www.fries-kt.com\/#website","url":"https:\/\/www.fries-kt.com\/","name":"FRIES","description":"","publisher":{"@id":"https:\/\/www.fries-kt.com\/#organization"},"potentialAction":[{"@type":"SearchAction","target":{"@type":"EntryPoint","urlTemplate":"https:\/\/www.fries-kt.com\/?s={search_term_string}"},"query-input":{"@type":"PropertyValueSpecification","valueRequired":true,"valueName":"search_term_string"}}],"inLanguage":"es"},{"@type":"Organization","@id":"https:\/\/www.fries-kt.com\/#organization","name":"FRIES Kunststofftechnik GmbH","url":"https:\/\/www.fries-kt.com\/","logo":{"@type":"ImageObject","inLanguage":"es","@id":"https:\/\/www.fries-kt.com\/#\/schema\/logo\/image\/","url":"https:\/\/www.fries-kt.com\/wp-content\/uploads\/fries-logo.png","contentUrl":"https:\/\/www.fries-kt.com\/wp-content\/uploads\/fries-logo.png","width":120,"height":60,"caption":"FRIES Kunststofftechnik GmbH"},"image":{"@id":"https:\/\/www.fries-kt.com\/#\/schema\/logo\/image\/"},"sameAs":["https:\/\/www.facebook.com\/FRIESKunststofftechnik\/","https:\/\/www.youtube.com\/channel\/UCc2UgnWJ9Y_-pIXbDIek7wQ"]},{"@type":"Person","@id":"https:\/\/www.fries-kt.com\/#\/schema\/person\/9f18129c8b4bbb33cf479091649b204f","name":"Leonie Konzett"}]}},"_links":{"self":[{"href":"https:\/\/www.fries-kt.com\/es\/wp-json\/wp\/v2\/posts\/78471","targetHints":{"allow":["GET"]}}],"collection":[{"href":"https:\/\/www.fries-kt.com\/es\/wp-json\/wp\/v2\/posts"}],"about":[{"href":"https:\/\/www.fries-kt.com\/es\/wp-json\/wp\/v2\/types\/post"}],"author":[{"embeddable":true,"href":"https:\/\/www.fries-kt.com\/es\/wp-json\/wp\/v2\/users\/29"}],"replies":[{"embeddable":true,"href":"https:\/\/www.fries-kt.com\/es\/wp-json\/wp\/v2\/comments?post=78471"}],"version-history":[{"count":4,"href":"https:\/\/www.fries-kt.com\/es\/wp-json\/wp\/v2\/posts\/78471\/revisions"}],"predecessor-version":[{"id":79844,"href":"https:\/\/www.fries-kt.com\/es\/wp-json\/wp\/v2\/posts\/78471\/revisions\/79844"}],"wp:featuredmedia":[{"embeddable":true,"href":"https:\/\/www.fries-kt.com\/es\/wp-json\/wp\/v2\/media\/78533"}],"wp:attachment":[{"href":"https:\/\/www.fries-kt.com\/es\/wp-json\/wp\/v2\/media?parent=78471"}],"wp:term":[{"taxonomy":"category","embeddable":true,"href":"https:\/\/www.fries-kt.com\/es\/wp-json\/wp\/v2\/categories?post=78471"},{"taxonomy":"post_tag","embeddable":true,"href":"https:\/\/www.fries-kt.com\/es\/wp-json\/wp\/v2\/tags?post=78471"}],"curies":[{"name":"wp","href":"https:\/\/api.w.org\/{rel}","templated":true}]}}