{"id":78472,"date":"2026-01-21T10:31:55","date_gmt":"2026-01-21T08:31:55","guid":{"rendered":"https:\/\/www.fries-kt.com\/?p=78472"},"modified":"2026-02-03T16:34:24","modified_gmt":"2026-02-03T14:34:24","slug":"fries-agrandit-le-site-de-sulz","status":"publish","type":"post","link":"https:\/\/www.fries-kt.com\/fr\/fries-agrandit-le-site-de-sulz\/","title":{"rendered":"D\u00e9claration de localisation: FRIES Kunststofftechnik GmbH \u00e9tend le site de Sulz"},"content":{"rendered":"<div id=\"attachment_78521\" style=\"width: 310px\" class=\"wp-caption alignright\"><img decoding=\"async\" aria-describedby=\"caption-attachment-78521\" class=\"wp-image-78521 size-medium\" src=\"https:\/\/www.fries-kt.com\/wp-content\/uploads\/11109_VI_20231003_wag_Fries_Visualisierung_Bild_1-3-300x161.jpg\" alt=\"\" width=\"300\" height=\"161\" srcset=\"https:\/\/www.fries-kt.com\/wp-content\/uploads\/11109_VI_20231003_wag_Fries_Visualisierung_Bild_1-3-200x107.jpg 200w, https:\/\/www.fries-kt.com\/wp-content\/uploads\/11109_VI_20231003_wag_Fries_Visualisierung_Bild_1-3-300x161.jpg 300w, https:\/\/www.fries-kt.com\/wp-content\/uploads\/11109_VI_20231003_wag_Fries_Visualisierung_Bild_1-3-400x214.jpg 400w, https:\/\/www.fries-kt.com\/wp-content\/uploads\/11109_VI_20231003_wag_Fries_Visualisierung_Bild_1-3-600x321.jpg 600w, https:\/\/www.fries-kt.com\/wp-content\/uploads\/11109_VI_20231003_wag_Fries_Visualisierung_Bild_1-3-800x429.jpg 800w, https:\/\/www.fries-kt.com\/wp-content\/uploads\/11109_VI_20231003_wag_Fries_Visualisierung_Bild_1-3-1024x549.jpg 1024w, https:\/\/www.fries-kt.com\/wp-content\/uploads\/11109_VI_20231003_wag_Fries_Visualisierung_Bild_1-3-1200x643.jpg 1200w, https:\/\/www.fries-kt.com\/wp-content\/uploads\/11109_VI_20231003_wag_Fries_Visualisierung_Bild_1-3.jpg 1400w\" sizes=\"(max-width: 300px) 100vw, 300px\" \/><p id=\"caption-attachment-78521\" class=\"wp-caption-text\">\u00a9 Dr. Shebl &amp; Partner Generalplaner GmbH<\/p><\/div>\n<p data-start=\"160\" data-end=\"493\">FRIES Kunststofftechnik GmbH mise sur une strat\u00e9gie \u00e0 quatre piliers, r\u00e9partie entre les divisions emballages industriels, paniers pour lavage en restauration, paniers industriels et porte-pi\u00e8ces, ainsi que pi\u00e8ces techniques moul\u00e9es. Cette strat\u00e9gie constitue le fondement de la stabilit\u00e9 de l\u2019entreprise, qui d\u00e9veloppe et produit depuis 70 ans exclusivement \u00e0 Vorarlberg des produits plastiques de haute qualit\u00e9. Une forte croissance ces derni\u00e8res ann\u00e9es et un chiffre d\u2019affaires record pour l\u2019exercice 2024 t\u00e9moignent de son d\u00e9veloppement continu. \u00ab Depuis 2019, le nombre de collaborateurs a augment\u00e9 de mani\u00e8re continue \u00bb, d\u00e9clare Gerhard Bertsch, direction g\u00e9n\u00e9rale. \u00ab Nous avons maintenant atteint d\u00e9finitivement notre limite de capacit\u00e9.\u00bb<\/p>\n<h3 data-start=\"51\" data-end=\"104\"><strong data-start=\"51\" data-end=\"102\">Nouveau b\u00e2timent administratif et de production<\/strong><\/h3>\n<p data-start=\"106\" data-end=\"839\">FRIES Kunststofftechnik GmbH pr\u00e9voit donc d\u2019\u00e9tendre son si\u00e8ge social sur le site de Sulz. La construction d\u2019un nouveau b\u00e2timent administratif et de production d\u2019environ 4 500 m\u00e8tres carr\u00e9s devrait d\u00e9buter au printemps 2026. La dur\u00e9e totale des travaux est estim\u00e9e \u00e0 deux ans. \u00ab Avec cette expansion, nous r\u00e9affirmons clairement notre engagement envers le site de Sulz et faisons face \u00e0 l\u2019environnement \u00e9conomique actuel \u00bb, explique Bertsch. Cependant, cela ne se fera pas sans mesures de pr\u00e9caution \u00e9ventuelles, notamment en ce qui concerne la situation des cha\u00eenes d\u2019approvisionnement. \u00ab Gr\u00e2ce \u00e0 l\u2019agrandissement des silos et \u00e0 une capacit\u00e9 de stockage plus importante, nous devenons plus ind\u00e9pendants et anticipons les risques.\u00bb<\/p>\n<div id=\"attachment_78522\" style=\"width: 334px\" class=\"wp-caption alignleft\"><img decoding=\"async\" aria-describedby=\"caption-attachment-78522\" class=\"wp-image-78522\" src=\"https:\/\/www.fries-kt.com\/wp-content\/uploads\/11109_VI_20231003_wag_Fries_Visualisierung_Bild_6-2-300x161.jpg\" alt=\"\" width=\"324\" height=\"174\" srcset=\"https:\/\/www.fries-kt.com\/wp-content\/uploads\/11109_VI_20231003_wag_Fries_Visualisierung_Bild_6-2-200x107.jpg 200w, https:\/\/www.fries-kt.com\/wp-content\/uploads\/11109_VI_20231003_wag_Fries_Visualisierung_Bild_6-2-300x161.jpg 300w, https:\/\/www.fries-kt.com\/wp-content\/uploads\/11109_VI_20231003_wag_Fries_Visualisierung_Bild_6-2-400x214.jpg 400w, https:\/\/www.fries-kt.com\/wp-content\/uploads\/11109_VI_20231003_wag_Fries_Visualisierung_Bild_6-2-600x321.jpg 600w, https:\/\/www.fries-kt.com\/wp-content\/uploads\/11109_VI_20231003_wag_Fries_Visualisierung_Bild_6-2-800x429.jpg 800w, https:\/\/www.fries-kt.com\/wp-content\/uploads\/11109_VI_20231003_wag_Fries_Visualisierung_Bild_6-2-1024x549.jpg 1024w, https:\/\/www.fries-kt.com\/wp-content\/uploads\/11109_VI_20231003_wag_Fries_Visualisierung_Bild_6-2-1200x643.jpg 1200w, https:\/\/www.fries-kt.com\/wp-content\/uploads\/11109_VI_20231003_wag_Fries_Visualisierung_Bild_6-2.jpg 1400w\" sizes=\"(max-width: 324px) 100vw, 324px\" \/><p id=\"caption-attachment-78522\" class=\"wp-caption-text\">\u00a9 Dr. Shebl &amp; Partner Generalplaner GmbH<\/p><\/div>\n<h3 data-start=\"1079\" data-end=\"1140\"><strong>\u00c9coresponsable et durable<\/strong><\/h3>\n<p data-start=\"1141\" data-end=\"1423\">Chaque ann\u00e9e, environ 5 000 tonnes de plastique sont trait\u00e9es dans l\u2019usine de Sulz. Tous les produits sont des solutions r\u00e9utilisables respectueuses de l\u2019environnement. \u00c0 cela s\u2019ajoutent une utilisation r\u00e9duite de mat\u00e9riaux et une part croissante de recyclage, soulignant l\u2019action durable et responsable de FRIES Kunststofftechnik GmbH. Cette d\u00e9marche se poursuit \u00e9galement dans la construction du nouveau b\u00e2timent administratif et de production. Le toit sera enti\u00e8rement utilis\u00e9 pour la production d\u2019\u00e9lectricit\u00e9 et \u00e9quip\u00e9 de modules photovolta\u00efques d\u2019une puissance de 105 kW\/P. L\u2019\u00e9nergie ainsi produite sera, entre autres, reli\u00e9e \u00e0 la pompe \u00e0 chaleur industrielle, principalement utilis\u00e9e pour le refroidissement. L\u2019\u00e9lectricit\u00e9 solaire contribue \u00e9galement \u00e0 une meilleure s\u00e9curit\u00e9 \u00e9nerg\u00e9tique en p\u00e9riode de crises potentielles. \u00ab Notre investissement de 12 millions d\u2019euros dans les infrastructures constitue en outre une contribution importante \u00e0 la valeur ajout\u00e9e r\u00e9gionale et garantit des emplois \u00bb, souligne Gerhard Bertsch, directeur g\u00e9n\u00e9ral, en insistant sur la r\u00e9alisation par des entreprises locales.<\/p>\n<h3 data-start=\"51\" data-end=\"90\"><strong data-start=\"51\" data-end=\"88\">Grand espace social avec terrasse<\/strong><\/h3>\n<p data-start=\"92\" data-end=\"611\">Dans le nouveau hall de production, outre le moulage par injection, l\u2019outillage et l\u2019assemblage des paniers seront \u00e9galement transf\u00e9r\u00e9s. Un transport automatis\u00e9 des palettes facilite la livraison, le d\u00e9placement interne et l\u2019exp\u00e9dition. Avec une superficie de 3 000 m\u00e8tres carr\u00e9s, il reste suffisamment de capacit\u00e9 pour une croissance future. Il en va de m\u00eame pour les bureaux. \u00ab Malgr\u00e9 le ralentissement \u00e9conomique, nous sommes bien positionn\u00e9s \u00bb, d\u00e9clare Bertsch avec optimisme face aux d\u00e9fis des prochaines ann\u00e9es. Le fait que FRIES Kunststofftechnik GmbH soit \u00e9galement un employeur attractif se refl\u00e8te dans les distinctions re\u00e7ues par l\u2019entreprise : \u00ab Excellent \u00e9tablissement de formation \u00bb, \u00ab Entreprise familiale la plus performante du Vorarlberg \u00bb et \u00ab Entreprise familiale \u00bb. Ces distinctions montrent clairement que le bien-\u00eatre des collaborateurs est une priorit\u00e9 absolue. Le grand espace social avec terrasse, am\u00e9nag\u00e9 dans le nouveau b\u00e2timent administratif, est une mesure suppl\u00e9mentaire pour renforcer le bien-\u00eatre au travail.<\/p>\n","protected":false},"excerpt":{"rendered":"<p>FRIES Kunststofftechnik GmbH agrandit son site de Sulz : \u00e0 partir du printemps 2026, un nouveau b\u00e2timent de bureaux et de production d\u2019environ 4 500 m\u00b2 sera construit \u2013 une \u00e9tape importante pour garantir une croissance continue et des conditions de travail modernes. <a class=\"read-more\" href=\"https:\/\/www.fries-kt.com\/fr\/fries-agrandit-le-site-de-sulz\/\">[&#8230;]<\/a><\/p>\n","protected":false},"author":29,"featured_media":78521,"comment_status":"closed","ping_status":"closed","sticky":false,"template":"","format":"standard","meta":{"_acf_changed":false,"footnotes":""},"categories":[310],"tags":[],"class_list":["post-78472","post","type-post","status-publish","format-standard","has-post-thumbnail","hentry","category-actuel-fr"],"acf":[],"yoast_head":"<!-- This site is optimized with the Yoast SEO plugin v26.8 - https:\/\/yoast.com\/product\/yoast-seo-wordpress\/ -->\n<title>D\u00e9claration de localisation: FRIES Kunststofftechnik GmbH \u00e9tend le site de Sulz - FRIES<\/title>\n<meta name=\"description\" content=\"FRIES Kunststofftechnik r\u00e9affirme son engagement envers le site de Sulz et investit environ 12 millions d\u2019euros dans un nouveau b\u00e2timent administratif et de production.\" \/>\n<meta name=\"robots\" content=\"index, follow, max-snippet:-1, max-image-preview:large, max-video-preview:-1\" \/>\n<link rel=\"canonical\" href=\"https:\/\/www.fries-kt.com\/fr\/fries-agrandit-le-site-de-sulz\/\" \/>\n<meta name=\"twitter:label1\" content=\"\u00c9crit par\" \/>\n\t<meta name=\"twitter:data1\" content=\"Leonie Konzett\" \/>\n\t<meta name=\"twitter:label2\" content=\"Dur\u00e9e de lecture estim\u00e9e\" \/>\n\t<meta name=\"twitter:data2\" content=\"4 minutes\" \/>\n<script type=\"application\/ld+json\" class=\"yoast-schema-graph\">{\"@context\":\"https:\/\/schema.org\",\"@graph\":[{\"@type\":\"Article\",\"@id\":\"https:\/\/www.fries-kt.com\/fr\/fries-agrandit-le-site-de-sulz\/#article\",\"isPartOf\":{\"@id\":\"https:\/\/www.fries-kt.com\/fr\/fries-agrandit-le-site-de-sulz\/\"},\"author\":{\"name\":\"Leonie Konzett\",\"@id\":\"https:\/\/www.fries-kt.com\/#\/schema\/person\/9f18129c8b4bbb33cf479091649b204f\"},\"headline\":\"D\u00e9claration de localisation: FRIES Kunststofftechnik GmbH \u00e9tend le site de Sulz\",\"datePublished\":\"2026-01-21T08:31:55+00:00\",\"dateModified\":\"2026-02-03T14:34:24+00:00\",\"mainEntityOfPage\":{\"@id\":\"https:\/\/www.fries-kt.com\/fr\/fries-agrandit-le-site-de-sulz\/\"},\"wordCount\":620,\"publisher\":{\"@id\":\"https:\/\/www.fries-kt.com\/#organization\"},\"image\":{\"@id\":\"https:\/\/www.fries-kt.com\/fr\/fries-agrandit-le-site-de-sulz\/#primaryimage\"},\"thumbnailUrl\":\"https:\/\/www.fries-kt.com\/wp-content\/uploads\/11109_VI_20231003_wag_Fries_Visualisierung_Bild_1-3.jpg\",\"articleSection\":[\"Notre actualit\u00e9\"],\"inLanguage\":\"fr-FR\"},{\"@type\":\"WebPage\",\"@id\":\"https:\/\/www.fries-kt.com\/fr\/fries-agrandit-le-site-de-sulz\/\",\"url\":\"https:\/\/www.fries-kt.com\/fr\/fries-agrandit-le-site-de-sulz\/\",\"name\":\"D\u00e9claration de localisation: FRIES Kunststofftechnik GmbH \u00e9tend le site de Sulz - FRIES\",\"isPartOf\":{\"@id\":\"https:\/\/www.fries-kt.com\/#website\"},\"primaryImageOfPage\":{\"@id\":\"https:\/\/www.fries-kt.com\/fr\/fries-agrandit-le-site-de-sulz\/#primaryimage\"},\"image\":{\"@id\":\"https:\/\/www.fries-kt.com\/fr\/fries-agrandit-le-site-de-sulz\/#primaryimage\"},\"thumbnailUrl\":\"https:\/\/www.fries-kt.com\/wp-content\/uploads\/11109_VI_20231003_wag_Fries_Visualisierung_Bild_1-3.jpg\",\"datePublished\":\"2026-01-21T08:31:55+00:00\",\"dateModified\":\"2026-02-03T14:34:24+00:00\",\"description\":\"FRIES Kunststofftechnik r\u00e9affirme son engagement envers le site de Sulz et investit environ 12 millions d\u2019euros dans un nouveau b\u00e2timent administratif et de production.\",\"breadcrumb\":{\"@id\":\"https:\/\/www.fries-kt.com\/fr\/fries-agrandit-le-site-de-sulz\/#breadcrumb\"},\"inLanguage\":\"fr-FR\",\"potentialAction\":[{\"@type\":\"ReadAction\",\"target\":[\"https:\/\/www.fries-kt.com\/fr\/fries-agrandit-le-site-de-sulz\/\"]}]},{\"@type\":\"ImageObject\",\"inLanguage\":\"fr-FR\",\"@id\":\"https:\/\/www.fries-kt.com\/fr\/fries-agrandit-le-site-de-sulz\/#primaryimage\",\"url\":\"https:\/\/www.fries-kt.com\/wp-content\/uploads\/11109_VI_20231003_wag_Fries_Visualisierung_Bild_1-3.jpg\",\"contentUrl\":\"https:\/\/www.fries-kt.com\/wp-content\/uploads\/11109_VI_20231003_wag_Fries_Visualisierung_Bild_1-3.jpg\",\"width\":1400,\"height\":750},{\"@type\":\"BreadcrumbList\",\"@id\":\"https:\/\/www.fries-kt.com\/fr\/fries-agrandit-le-site-de-sulz\/#breadcrumb\",\"itemListElement\":[{\"@type\":\"ListItem\",\"position\":1,\"name\":\"Home\",\"item\":\"https:\/\/www.fries-kt.com\/fr\/\"},{\"@type\":\"ListItem\",\"position\":2,\"name\":\"D\u00e9claration de localisation: FRIES Kunststofftechnik GmbH \u00e9tend le site de Sulz\"}]},{\"@type\":\"WebSite\",\"@id\":\"https:\/\/www.fries-kt.com\/#website\",\"url\":\"https:\/\/www.fries-kt.com\/\",\"name\":\"FRIES\",\"description\":\"\",\"publisher\":{\"@id\":\"https:\/\/www.fries-kt.com\/#organization\"},\"potentialAction\":[{\"@type\":\"SearchAction\",\"target\":{\"@type\":\"EntryPoint\",\"urlTemplate\":\"https:\/\/www.fries-kt.com\/?s={search_term_string}\"},\"query-input\":{\"@type\":\"PropertyValueSpecification\",\"valueRequired\":true,\"valueName\":\"search_term_string\"}}],\"inLanguage\":\"fr-FR\"},{\"@type\":\"Organization\",\"@id\":\"https:\/\/www.fries-kt.com\/#organization\",\"name\":\"FRIES Kunststofftechnik GmbH\",\"url\":\"https:\/\/www.fries-kt.com\/\",\"logo\":{\"@type\":\"ImageObject\",\"inLanguage\":\"fr-FR\",\"@id\":\"https:\/\/www.fries-kt.com\/#\/schema\/logo\/image\/\",\"url\":\"https:\/\/www.fries-kt.com\/wp-content\/uploads\/fries-logo.png\",\"contentUrl\":\"https:\/\/www.fries-kt.com\/wp-content\/uploads\/fries-logo.png\",\"width\":120,\"height\":60,\"caption\":\"FRIES Kunststofftechnik GmbH\"},\"image\":{\"@id\":\"https:\/\/www.fries-kt.com\/#\/schema\/logo\/image\/\"},\"sameAs\":[\"https:\/\/www.facebook.com\/FRIESKunststofftechnik\/\",\"https:\/\/www.youtube.com\/channel\/UCc2UgnWJ9Y_-pIXbDIek7wQ\"]},{\"@type\":\"Person\",\"@id\":\"https:\/\/www.fries-kt.com\/#\/schema\/person\/9f18129c8b4bbb33cf479091649b204f\",\"name\":\"Leonie Konzett\"}]}<\/script>\n<!-- \/ Yoast SEO plugin. -->","yoast_head_json":{"title":"D\u00e9claration de localisation: FRIES Kunststofftechnik GmbH \u00e9tend le site de Sulz - FRIES","description":"FRIES Kunststofftechnik r\u00e9affirme son engagement envers le site de Sulz et investit environ 12 millions d\u2019euros dans un nouveau b\u00e2timent administratif et de production.","robots":{"index":"index","follow":"follow","max-snippet":"max-snippet:-1","max-image-preview":"max-image-preview:large","max-video-preview":"max-video-preview:-1"},"canonical":"https:\/\/www.fries-kt.com\/fr\/fries-agrandit-le-site-de-sulz\/","twitter_misc":{"\u00c9crit par":"Leonie Konzett","Dur\u00e9e de lecture estim\u00e9e":"4 minutes"},"schema":{"@context":"https:\/\/schema.org","@graph":[{"@type":"Article","@id":"https:\/\/www.fries-kt.com\/fr\/fries-agrandit-le-site-de-sulz\/#article","isPartOf":{"@id":"https:\/\/www.fries-kt.com\/fr\/fries-agrandit-le-site-de-sulz\/"},"author":{"name":"Leonie Konzett","@id":"https:\/\/www.fries-kt.com\/#\/schema\/person\/9f18129c8b4bbb33cf479091649b204f"},"headline":"D\u00e9claration de localisation: FRIES Kunststofftechnik GmbH \u00e9tend le site de Sulz","datePublished":"2026-01-21T08:31:55+00:00","dateModified":"2026-02-03T14:34:24+00:00","mainEntityOfPage":{"@id":"https:\/\/www.fries-kt.com\/fr\/fries-agrandit-le-site-de-sulz\/"},"wordCount":620,"publisher":{"@id":"https:\/\/www.fries-kt.com\/#organization"},"image":{"@id":"https:\/\/www.fries-kt.com\/fr\/fries-agrandit-le-site-de-sulz\/#primaryimage"},"thumbnailUrl":"https:\/\/www.fries-kt.com\/wp-content\/uploads\/11109_VI_20231003_wag_Fries_Visualisierung_Bild_1-3.jpg","articleSection":["Notre actualit\u00e9"],"inLanguage":"fr-FR"},{"@type":"WebPage","@id":"https:\/\/www.fries-kt.com\/fr\/fries-agrandit-le-site-de-sulz\/","url":"https:\/\/www.fries-kt.com\/fr\/fries-agrandit-le-site-de-sulz\/","name":"D\u00e9claration de localisation: FRIES Kunststofftechnik GmbH \u00e9tend le site de Sulz - FRIES","isPartOf":{"@id":"https:\/\/www.fries-kt.com\/#website"},"primaryImageOfPage":{"@id":"https:\/\/www.fries-kt.com\/fr\/fries-agrandit-le-site-de-sulz\/#primaryimage"},"image":{"@id":"https:\/\/www.fries-kt.com\/fr\/fries-agrandit-le-site-de-sulz\/#primaryimage"},"thumbnailUrl":"https:\/\/www.fries-kt.com\/wp-content\/uploads\/11109_VI_20231003_wag_Fries_Visualisierung_Bild_1-3.jpg","datePublished":"2026-01-21T08:31:55+00:00","dateModified":"2026-02-03T14:34:24+00:00","description":"FRIES Kunststofftechnik r\u00e9affirme son engagement envers le site de Sulz et investit environ 12 millions d\u2019euros dans un nouveau b\u00e2timent administratif et de production.","breadcrumb":{"@id":"https:\/\/www.fries-kt.com\/fr\/fries-agrandit-le-site-de-sulz\/#breadcrumb"},"inLanguage":"fr-FR","potentialAction":[{"@type":"ReadAction","target":["https:\/\/www.fries-kt.com\/fr\/fries-agrandit-le-site-de-sulz\/"]}]},{"@type":"ImageObject","inLanguage":"fr-FR","@id":"https:\/\/www.fries-kt.com\/fr\/fries-agrandit-le-site-de-sulz\/#primaryimage","url":"https:\/\/www.fries-kt.com\/wp-content\/uploads\/11109_VI_20231003_wag_Fries_Visualisierung_Bild_1-3.jpg","contentUrl":"https:\/\/www.fries-kt.com\/wp-content\/uploads\/11109_VI_20231003_wag_Fries_Visualisierung_Bild_1-3.jpg","width":1400,"height":750},{"@type":"BreadcrumbList","@id":"https:\/\/www.fries-kt.com\/fr\/fries-agrandit-le-site-de-sulz\/#breadcrumb","itemListElement":[{"@type":"ListItem","position":1,"name":"Home","item":"https:\/\/www.fries-kt.com\/fr\/"},{"@type":"ListItem","position":2,"name":"D\u00e9claration de localisation: FRIES Kunststofftechnik GmbH \u00e9tend le site de Sulz"}]},{"@type":"WebSite","@id":"https:\/\/www.fries-kt.com\/#website","url":"https:\/\/www.fries-kt.com\/","name":"FRIES","description":"","publisher":{"@id":"https:\/\/www.fries-kt.com\/#organization"},"potentialAction":[{"@type":"SearchAction","target":{"@type":"EntryPoint","urlTemplate":"https:\/\/www.fries-kt.com\/?s={search_term_string}"},"query-input":{"@type":"PropertyValueSpecification","valueRequired":true,"valueName":"search_term_string"}}],"inLanguage":"fr-FR"},{"@type":"Organization","@id":"https:\/\/www.fries-kt.com\/#organization","name":"FRIES Kunststofftechnik GmbH","url":"https:\/\/www.fries-kt.com\/","logo":{"@type":"ImageObject","inLanguage":"fr-FR","@id":"https:\/\/www.fries-kt.com\/#\/schema\/logo\/image\/","url":"https:\/\/www.fries-kt.com\/wp-content\/uploads\/fries-logo.png","contentUrl":"https:\/\/www.fries-kt.com\/wp-content\/uploads\/fries-logo.png","width":120,"height":60,"caption":"FRIES Kunststofftechnik GmbH"},"image":{"@id":"https:\/\/www.fries-kt.com\/#\/schema\/logo\/image\/"},"sameAs":["https:\/\/www.facebook.com\/FRIESKunststofftechnik\/","https:\/\/www.youtube.com\/channel\/UCc2UgnWJ9Y_-pIXbDIek7wQ"]},{"@type":"Person","@id":"https:\/\/www.fries-kt.com\/#\/schema\/person\/9f18129c8b4bbb33cf479091649b204f","name":"Leonie Konzett"}]}},"_links":{"self":[{"href":"https:\/\/www.fries-kt.com\/fr\/wp-json\/wp\/v2\/posts\/78472","targetHints":{"allow":["GET"]}}],"collection":[{"href":"https:\/\/www.fries-kt.com\/fr\/wp-json\/wp\/v2\/posts"}],"about":[{"href":"https:\/\/www.fries-kt.com\/fr\/wp-json\/wp\/v2\/types\/post"}],"author":[{"embeddable":true,"href":"https:\/\/www.fries-kt.com\/fr\/wp-json\/wp\/v2\/users\/29"}],"replies":[{"embeddable":true,"href":"https:\/\/www.fries-kt.com\/fr\/wp-json\/wp\/v2\/comments?post=78472"}],"version-history":[{"count":5,"href":"https:\/\/www.fries-kt.com\/fr\/wp-json\/wp\/v2\/posts\/78472\/revisions"}],"predecessor-version":[{"id":79842,"href":"https:\/\/www.fries-kt.com\/fr\/wp-json\/wp\/v2\/posts\/78472\/revisions\/79842"}],"wp:featuredmedia":[{"embeddable":true,"href":"https:\/\/www.fries-kt.com\/fr\/wp-json\/wp\/v2\/media\/78521"}],"wp:attachment":[{"href":"https:\/\/www.fries-kt.com\/fr\/wp-json\/wp\/v2\/media?parent=78472"}],"wp:term":[{"taxonomy":"category","embeddable":true,"href":"https:\/\/www.fries-kt.com\/fr\/wp-json\/wp\/v2\/categories?post=78472"},{"taxonomy":"post_tag","embeddable":true,"href":"https:\/\/www.fries-kt.com\/fr\/wp-json\/wp\/v2\/tags?post=78472"}],"curies":[{"name":"wp","href":"https:\/\/api.w.org\/{rel}","templated":true}]}}