{"id":78473,"date":"2026-01-21T10:32:29","date_gmt":"2026-01-21T08:32:29","guid":{"rendered":"https:\/\/www.fries-kt.com\/?p=78473"},"modified":"2026-02-03T16:34:50","modified_gmt":"2026-02-03T14:34:50","slug":"fries-esteso-sede-sulz","status":"publish","type":"post","link":"https:\/\/www.fries-kt.com\/it\/fries-esteso-sede-sulz\/","title":{"rendered":"Impegno per la sede: FRIES Kunststofftechnik GmbH amplia il sito di Sulz con un nuovo edificio per uffici e produzione"},"content":{"rendered":"<div id=\"attachment_78525\" style=\"width: 310px\" class=\"wp-caption alignright\"><img decoding=\"async\" aria-describedby=\"caption-attachment-78525\" class=\"wp-image-78525 size-medium\" src=\"https:\/\/www.fries-kt.com\/wp-content\/uploads\/11109_VI_20231003_wag_Fries_Visualisierung_Bild_1-4-300x161.jpg\" alt=\"\" width=\"300\" height=\"161\" srcset=\"https:\/\/www.fries-kt.com\/wp-content\/uploads\/11109_VI_20231003_wag_Fries_Visualisierung_Bild_1-4-200x107.jpg 200w, https:\/\/www.fries-kt.com\/wp-content\/uploads\/11109_VI_20231003_wag_Fries_Visualisierung_Bild_1-4-300x161.jpg 300w, https:\/\/www.fries-kt.com\/wp-content\/uploads\/11109_VI_20231003_wag_Fries_Visualisierung_Bild_1-4-400x214.jpg 400w, https:\/\/www.fries-kt.com\/wp-content\/uploads\/11109_VI_20231003_wag_Fries_Visualisierung_Bild_1-4-600x321.jpg 600w, https:\/\/www.fries-kt.com\/wp-content\/uploads\/11109_VI_20231003_wag_Fries_Visualisierung_Bild_1-4-800x429.jpg 800w, https:\/\/www.fries-kt.com\/wp-content\/uploads\/11109_VI_20231003_wag_Fries_Visualisierung_Bild_1-4-1024x549.jpg 1024w, https:\/\/www.fries-kt.com\/wp-content\/uploads\/11109_VI_20231003_wag_Fries_Visualisierung_Bild_1-4-1200x643.jpg 1200w, https:\/\/www.fries-kt.com\/wp-content\/uploads\/11109_VI_20231003_wag_Fries_Visualisierung_Bild_1-4.jpg 1400w\" sizes=\"(max-width: 300px) 100vw, 300px\" \/><p id=\"caption-attachment-78525\" class=\"wp-caption-text\">\u00a9 Dr. Shebl &amp; Partner Generalplaner GmbH<\/p><\/div>\n<p data-start=\"0\" data-end=\"443\">Die FRIES Kunststofftechnik GmbH punta su una strategia a quattro pilastri, suddivisa nei settori di attivit\u00e0 imballaggi industriali, cestelli di lavaggio per la ristorazione, cestelli industriali e portapezzi, nonch\u00e9 componenti tecnici stampati. Essa costituisce il fondamento della stabilit\u00e0 dell\u2019azienda, che da 70 anni sviluppa e produce esclusivamente nel Vorarlberg prodotti in plastica di alta qualit\u00e0. La forte crescita degli ultimi anni e il fatturato record nell\u2019esercizio 2024 testimoniano il continuo sviluppo dell\u2019azienda. \u00abCos\u00ec il numero dei collaboratori \u00e8 cresciuto costantemente dal 2019\u00bb, afferma Gerhard Bertsch, membro della direzione. \u00abOra abbiamo definitivamente raggiunto il nostro limite di capacit\u00e0.\u00bb<\/p>\n<h3 data-start=\"0\" data-end=\"42\"><strong data-start=\"0\" data-end=\"42\">Nuovo edificio per uffici e produzione<\/strong><\/h3>\n<p data-start=\"44\" data-end=\"377\">La FRIES Kunststofftechnik GmbH prevede quindi l\u2019ampliamento della sede aziendale nel sito di Sulz. Gi\u00e0 nella primavera del 2026 dovrebbe iniziare la costruzione di un nuovo edificio per uffici e produzione su una superficie di circa 4.500 metri quadrati. La durata complessiva dei lavori \u00e8 stimata in due anni. \u00abCon questo importante salto dimensionale ribadiamo chiaramente il nostro impegno verso il sito di Sulz e affrontiamo con determinazione l\u2019attuale contesto economico\u00bb, spiega Bertsch. Tuttavia, non senza eventuali misure preventive, ad esempio per quanto riguarda la situazione delle catene di approvvigionamento. \u00abGrazie all\u2019ampliamento dei silos e a una maggiore capacit\u00e0 di stoccaggio diventiamo pi\u00f9 indipendenti e preveniamo eventuali criticit\u00e0.\u00bb<\/p>\n<div id=\"attachment_78530\" style=\"width: 310px\" class=\"wp-caption alignleft\"><img decoding=\"async\" aria-describedby=\"caption-attachment-78530\" class=\"wp-image-78530 size-medium\" src=\"https:\/\/www.fries-kt.com\/wp-content\/uploads\/11109_VI_20231003_wag_Fries_Visualisierung_Bild_6-3-300x161.jpg\" alt=\"\" width=\"300\" height=\"161\" srcset=\"https:\/\/www.fries-kt.com\/wp-content\/uploads\/11109_VI_20231003_wag_Fries_Visualisierung_Bild_6-3-200x107.jpg 200w, https:\/\/www.fries-kt.com\/wp-content\/uploads\/11109_VI_20231003_wag_Fries_Visualisierung_Bild_6-3-300x161.jpg 300w, https:\/\/www.fries-kt.com\/wp-content\/uploads\/11109_VI_20231003_wag_Fries_Visualisierung_Bild_6-3-400x214.jpg 400w, https:\/\/www.fries-kt.com\/wp-content\/uploads\/11109_VI_20231003_wag_Fries_Visualisierung_Bild_6-3-600x321.jpg 600w, https:\/\/www.fries-kt.com\/wp-content\/uploads\/11109_VI_20231003_wag_Fries_Visualisierung_Bild_6-3-800x429.jpg 800w, https:\/\/www.fries-kt.com\/wp-content\/uploads\/11109_VI_20231003_wag_Fries_Visualisierung_Bild_6-3-1024x549.jpg 1024w, https:\/\/www.fries-kt.com\/wp-content\/uploads\/11109_VI_20231003_wag_Fries_Visualisierung_Bild_6-3-1200x643.jpg 1200w, https:\/\/www.fries-kt.com\/wp-content\/uploads\/11109_VI_20231003_wag_Fries_Visualisierung_Bild_6-3.jpg 1400w\" sizes=\"(max-width: 300px) 100vw, 300px\" \/><p id=\"caption-attachment-78530\" class=\"wp-caption-text\">\u00a9 Dr. Shebl &amp; Partner Generalplaner GmbH<\/p><\/div>\n<h3 data-start=\"0\" data-end=\"43\"><strong>Consapevolezza ambientale e sostenibilit\u00e0<\/strong><\/h3>\n<p data-start=\"45\" data-end=\"381\">Ogni anno nello stabilimento di Sulz vengono lavorate circa 5.000 tonnellate di plastica. Tutti i prodotti sono soluzioni riutilizzabili ecologiche. A questo si aggiungono un minore utilizzo di materiale e una quota crescente di riciclo, che sottolineano il comportamento sostenibile e responsabile della FRIES Kunststofftechnik GmbH. Questo approccio si riflette anche nel nuovo edificio per uffici e produzione. Il tetto sar\u00e0 interamente utilizzato per la produzione di energia elettrica e dotato di moduli fotovoltaici da 105 kW\/P. L\u2019energia prodotta \u00e8 collegata, tra l\u2019altro, a una pompa di calore industriale, utilizzata principalmente per il raffreddamento. L\u2019energia solare contribuisce anche a garantire maggiore sicurezza nella pianificazione durante eventuali crisi energetiche. \u00abIl nostro investimento in infrastrutture per 12 milioni di euro rappresenta inoltre un contributo importante alla creazione di valore regionale e alla sicurezza dei posti di lavoro\u00bb, sottolinea il direttore Gerhard Bertsch, evidenziando l\u2019esecuzione dei lavori da parte di aziende locali.<\/p>\n<div class=\"text-base my-auto mx-auto pb-10 [--thread-content-margin:--spacing(4)] @w-sm\/main:[--thread-content-margin:--spacing(6)] @w-lg\/main:[--thread-content-margin:--spacing(16)] px-(--thread-content-margin)\">\n<div class=\"[--thread-content-max-width:40rem] @w-lg\/main:[--thread-content-max-width:48rem] mx-auto max-w-(--thread-content-max-width) flex-1 group\/turn-messages focus-visible:outline-hidden relative flex w-full min-w-0 flex-col agent-turn\" tabindex=\"-1\">\n<div class=\"flex max-w-full flex-col grow\">\n<div class=\"min-h-8 text-message relative flex w-full flex-col items-end gap-2 text-start break-words whitespace-normal [.text-message+&amp;]:mt-1\" dir=\"auto\" data-message-author-role=\"assistant\" data-message-id=\"c5b3d70c-96f5-4f8b-a59a-ff92b18b7a9a\" data-message-model-slug=\"gpt-5-mini\">\n<div class=\"flex w-full flex-col gap-1 empty:hidden first:pt-[1px]\">\n<div class=\"markdown prose dark:prose-invert w-full break-words light markdown-new-styling\">\n<h3 data-start=\"0\" data-end=\"33\"><strong>Ampia sala sociale con terrazza<\/strong><\/h3>\n<p data-start=\"35\" data-end=\"546\">Nella nuova sala di produzione si trasferiranno, oltre allo stampaggio a iniezione, anche la costruzione degli utensili e il montaggio dei cestelli. Un trasporto pallet automatizzato facilita la consegna, lo spostamento interno e la spedizione. Con una superficie di 3.000 metri quadrati \u00e8 inoltre prevista capacit\u00e0 sufficiente per ulteriori crescite. Lo stesso vale per gli uffici. \u00abNonostante la congiuntura debole, siamo ben preparati\u00bb, commenta Bertsch con ottimismo riguardo alle sfide dei prossimi anni. Il fatto che la FRIES Kunststofftechnik GmbH possa farsi valere anche come datore di lavoro \u00e8 evidenziato dai riconoscimenti ottenuti: \u00abEccellente azienda formatrice\u00bb, \u00abImpresa familiare di maggior successo del Vorarlberg\u00bb e \u00abAzienda attenta alla famiglia\u00bb. Questi dimostrano che il benessere del personale \u00e8 una priorit\u00e0 assoluta. La grande sala sociale con terrazza, che sorger\u00e0 nel nuovo corpo uffici, rappresenta un\u2019ulteriore misura per aumentare il livello di benessere.<\/p>\n<\/div>\n<\/div>\n<\/div>\n<\/div>\n<\/div>\n<\/div>\n","protected":false},"excerpt":{"rendered":"<p>FRIES Kunststofftechnik GmbH amplia il proprio sito di Sulz: a partire dalla primavera del 2026 verr\u00e0 realizzato un nuovo edificio per uffici e produzione di circa 4.500 m\u00b2 \u2013 un passo importante per garantire un\u2019ulteriore crescita e condizioni di lavoro moderne. <a class=\"read-more\" href=\"https:\/\/www.fries-kt.com\/it\/fries-esteso-sede-sulz\/\">[&#8230;]<\/a><\/p>\n","protected":false},"author":29,"featured_media":78525,"comment_status":"closed","ping_status":"closed","sticky":false,"template":"","format":"standard","meta":{"_acf_changed":false,"footnotes":""},"categories":[311],"tags":[],"class_list":["post-78473","post","type-post","status-publish","format-standard","has-post-thumbnail","hentry","category-notizie-it"],"acf":[],"yoast_head":"<!-- This site is optimized with the Yoast SEO plugin v26.8 - https:\/\/yoast.com\/product\/yoast-seo-wordpress\/ -->\n<title>Impegno per la sede: FRIES Kunststofftechnik GmbH amplia il sito di Sulz con un nuovo edificio per uffici e produzione - FRIES<\/title>\n<meta name=\"description\" content=\"FRIES Kunststofftechnik conferma chiaramente il suo impegno per la sede di Sulz e investe circa 12 milioni di euro in un nuovo edificio per uffici e produzione.\" \/>\n<meta name=\"robots\" content=\"index, follow, max-snippet:-1, max-image-preview:large, max-video-preview:-1\" \/>\n<link rel=\"canonical\" href=\"https:\/\/www.fries-kt.com\/it\/fries-esteso-sede-sulz\/\" \/>\n<meta name=\"twitter:label1\" content=\"Scritto da\" \/>\n\t<meta name=\"twitter:data1\" content=\"Leonie Konzett\" \/>\n\t<meta name=\"twitter:label2\" content=\"Tempo di lettura stimato\" \/>\n\t<meta name=\"twitter:data2\" content=\"4 minuti\" \/>\n<script type=\"application\/ld+json\" class=\"yoast-schema-graph\">{\"@context\":\"https:\/\/schema.org\",\"@graph\":[{\"@type\":\"Article\",\"@id\":\"https:\/\/www.fries-kt.com\/it\/fries-esteso-sede-sulz\/#article\",\"isPartOf\":{\"@id\":\"https:\/\/www.fries-kt.com\/it\/fries-esteso-sede-sulz\/\"},\"author\":{\"name\":\"Leonie Konzett\",\"@id\":\"https:\/\/www.fries-kt.com\/#\/schema\/person\/9f18129c8b4bbb33cf479091649b204f\"},\"headline\":\"Impegno per la sede: FRIES Kunststofftechnik GmbH amplia il sito di Sulz con un nuovo edificio per uffici e produzione\",\"datePublished\":\"2026-01-21T08:32:29+00:00\",\"dateModified\":\"2026-02-03T14:34:50+00:00\",\"mainEntityOfPage\":{\"@id\":\"https:\/\/www.fries-kt.com\/it\/fries-esteso-sede-sulz\/\"},\"wordCount\":552,\"publisher\":{\"@id\":\"https:\/\/www.fries-kt.com\/#organization\"},\"image\":{\"@id\":\"https:\/\/www.fries-kt.com\/it\/fries-esteso-sede-sulz\/#primaryimage\"},\"thumbnailUrl\":\"https:\/\/www.fries-kt.com\/wp-content\/uploads\/11109_VI_20231003_wag_Fries_Visualisierung_Bild_1-4.jpg\",\"articleSection\":[\"Novit\u00e0\"],\"inLanguage\":\"it-IT\"},{\"@type\":\"WebPage\",\"@id\":\"https:\/\/www.fries-kt.com\/it\/fries-esteso-sede-sulz\/\",\"url\":\"https:\/\/www.fries-kt.com\/it\/fries-esteso-sede-sulz\/\",\"name\":\"Impegno per la sede: FRIES Kunststofftechnik GmbH amplia il sito di Sulz con un nuovo edificio per uffici e produzione - FRIES\",\"isPartOf\":{\"@id\":\"https:\/\/www.fries-kt.com\/#website\"},\"primaryImageOfPage\":{\"@id\":\"https:\/\/www.fries-kt.com\/it\/fries-esteso-sede-sulz\/#primaryimage\"},\"image\":{\"@id\":\"https:\/\/www.fries-kt.com\/it\/fries-esteso-sede-sulz\/#primaryimage\"},\"thumbnailUrl\":\"https:\/\/www.fries-kt.com\/wp-content\/uploads\/11109_VI_20231003_wag_Fries_Visualisierung_Bild_1-4.jpg\",\"datePublished\":\"2026-01-21T08:32:29+00:00\",\"dateModified\":\"2026-02-03T14:34:50+00:00\",\"description\":\"FRIES Kunststofftechnik conferma chiaramente il suo impegno per la sede di Sulz e investe circa 12 milioni di euro in un nuovo edificio per uffici e produzione.\",\"breadcrumb\":{\"@id\":\"https:\/\/www.fries-kt.com\/it\/fries-esteso-sede-sulz\/#breadcrumb\"},\"inLanguage\":\"it-IT\",\"potentialAction\":[{\"@type\":\"ReadAction\",\"target\":[\"https:\/\/www.fries-kt.com\/it\/fries-esteso-sede-sulz\/\"]}]},{\"@type\":\"ImageObject\",\"inLanguage\":\"it-IT\",\"@id\":\"https:\/\/www.fries-kt.com\/it\/fries-esteso-sede-sulz\/#primaryimage\",\"url\":\"https:\/\/www.fries-kt.com\/wp-content\/uploads\/11109_VI_20231003_wag_Fries_Visualisierung_Bild_1-4.jpg\",\"contentUrl\":\"https:\/\/www.fries-kt.com\/wp-content\/uploads\/11109_VI_20231003_wag_Fries_Visualisierung_Bild_1-4.jpg\",\"width\":1400,\"height\":750},{\"@type\":\"BreadcrumbList\",\"@id\":\"https:\/\/www.fries-kt.com\/it\/fries-esteso-sede-sulz\/#breadcrumb\",\"itemListElement\":[{\"@type\":\"ListItem\",\"position\":1,\"name\":\"Home\",\"item\":\"https:\/\/www.fries-kt.com\/it\/\"},{\"@type\":\"ListItem\",\"position\":2,\"name\":\"Impegno per la sede: FRIES Kunststofftechnik GmbH amplia il sito di Sulz con un nuovo edificio per uffici e produzione\"}]},{\"@type\":\"WebSite\",\"@id\":\"https:\/\/www.fries-kt.com\/#website\",\"url\":\"https:\/\/www.fries-kt.com\/\",\"name\":\"FRIES\",\"description\":\"\",\"publisher\":{\"@id\":\"https:\/\/www.fries-kt.com\/#organization\"},\"potentialAction\":[{\"@type\":\"SearchAction\",\"target\":{\"@type\":\"EntryPoint\",\"urlTemplate\":\"https:\/\/www.fries-kt.com\/?s={search_term_string}\"},\"query-input\":{\"@type\":\"PropertyValueSpecification\",\"valueRequired\":true,\"valueName\":\"search_term_string\"}}],\"inLanguage\":\"it-IT\"},{\"@type\":\"Organization\",\"@id\":\"https:\/\/www.fries-kt.com\/#organization\",\"name\":\"FRIES Kunststofftechnik GmbH\",\"url\":\"https:\/\/www.fries-kt.com\/\",\"logo\":{\"@type\":\"ImageObject\",\"inLanguage\":\"it-IT\",\"@id\":\"https:\/\/www.fries-kt.com\/#\/schema\/logo\/image\/\",\"url\":\"https:\/\/www.fries-kt.com\/wp-content\/uploads\/fries-logo.png\",\"contentUrl\":\"https:\/\/www.fries-kt.com\/wp-content\/uploads\/fries-logo.png\",\"width\":120,\"height\":60,\"caption\":\"FRIES Kunststofftechnik GmbH\"},\"image\":{\"@id\":\"https:\/\/www.fries-kt.com\/#\/schema\/logo\/image\/\"},\"sameAs\":[\"https:\/\/www.facebook.com\/FRIESKunststofftechnik\/\",\"https:\/\/www.youtube.com\/channel\/UCc2UgnWJ9Y_-pIXbDIek7wQ\"]},{\"@type\":\"Person\",\"@id\":\"https:\/\/www.fries-kt.com\/#\/schema\/person\/9f18129c8b4bbb33cf479091649b204f\",\"name\":\"Leonie Konzett\"}]}<\/script>\n<!-- \/ Yoast SEO plugin. -->","yoast_head_json":{"title":"Impegno per la sede: FRIES Kunststofftechnik GmbH amplia il sito di Sulz con un nuovo edificio per uffici e produzione - FRIES","description":"FRIES Kunststofftechnik conferma chiaramente il suo impegno per la sede di Sulz e investe circa 12 milioni di euro in un nuovo edificio per uffici e produzione.","robots":{"index":"index","follow":"follow","max-snippet":"max-snippet:-1","max-image-preview":"max-image-preview:large","max-video-preview":"max-video-preview:-1"},"canonical":"https:\/\/www.fries-kt.com\/it\/fries-esteso-sede-sulz\/","twitter_misc":{"Scritto da":"Leonie Konzett","Tempo di lettura stimato":"4 minuti"},"schema":{"@context":"https:\/\/schema.org","@graph":[{"@type":"Article","@id":"https:\/\/www.fries-kt.com\/it\/fries-esteso-sede-sulz\/#article","isPartOf":{"@id":"https:\/\/www.fries-kt.com\/it\/fries-esteso-sede-sulz\/"},"author":{"name":"Leonie Konzett","@id":"https:\/\/www.fries-kt.com\/#\/schema\/person\/9f18129c8b4bbb33cf479091649b204f"},"headline":"Impegno per la sede: FRIES Kunststofftechnik GmbH amplia il sito di Sulz con un nuovo edificio per uffici e produzione","datePublished":"2026-01-21T08:32:29+00:00","dateModified":"2026-02-03T14:34:50+00:00","mainEntityOfPage":{"@id":"https:\/\/www.fries-kt.com\/it\/fries-esteso-sede-sulz\/"},"wordCount":552,"publisher":{"@id":"https:\/\/www.fries-kt.com\/#organization"},"image":{"@id":"https:\/\/www.fries-kt.com\/it\/fries-esteso-sede-sulz\/#primaryimage"},"thumbnailUrl":"https:\/\/www.fries-kt.com\/wp-content\/uploads\/11109_VI_20231003_wag_Fries_Visualisierung_Bild_1-4.jpg","articleSection":["Novit\u00e0"],"inLanguage":"it-IT"},{"@type":"WebPage","@id":"https:\/\/www.fries-kt.com\/it\/fries-esteso-sede-sulz\/","url":"https:\/\/www.fries-kt.com\/it\/fries-esteso-sede-sulz\/","name":"Impegno per la sede: FRIES Kunststofftechnik GmbH amplia il sito di Sulz con un nuovo edificio per uffici e produzione - FRIES","isPartOf":{"@id":"https:\/\/www.fries-kt.com\/#website"},"primaryImageOfPage":{"@id":"https:\/\/www.fries-kt.com\/it\/fries-esteso-sede-sulz\/#primaryimage"},"image":{"@id":"https:\/\/www.fries-kt.com\/it\/fries-esteso-sede-sulz\/#primaryimage"},"thumbnailUrl":"https:\/\/www.fries-kt.com\/wp-content\/uploads\/11109_VI_20231003_wag_Fries_Visualisierung_Bild_1-4.jpg","datePublished":"2026-01-21T08:32:29+00:00","dateModified":"2026-02-03T14:34:50+00:00","description":"FRIES Kunststofftechnik conferma chiaramente il suo impegno per la sede di Sulz e investe circa 12 milioni di euro in un nuovo edificio per uffici e produzione.","breadcrumb":{"@id":"https:\/\/www.fries-kt.com\/it\/fries-esteso-sede-sulz\/#breadcrumb"},"inLanguage":"it-IT","potentialAction":[{"@type":"ReadAction","target":["https:\/\/www.fries-kt.com\/it\/fries-esteso-sede-sulz\/"]}]},{"@type":"ImageObject","inLanguage":"it-IT","@id":"https:\/\/www.fries-kt.com\/it\/fries-esteso-sede-sulz\/#primaryimage","url":"https:\/\/www.fries-kt.com\/wp-content\/uploads\/11109_VI_20231003_wag_Fries_Visualisierung_Bild_1-4.jpg","contentUrl":"https:\/\/www.fries-kt.com\/wp-content\/uploads\/11109_VI_20231003_wag_Fries_Visualisierung_Bild_1-4.jpg","width":1400,"height":750},{"@type":"BreadcrumbList","@id":"https:\/\/www.fries-kt.com\/it\/fries-esteso-sede-sulz\/#breadcrumb","itemListElement":[{"@type":"ListItem","position":1,"name":"Home","item":"https:\/\/www.fries-kt.com\/it\/"},{"@type":"ListItem","position":2,"name":"Impegno per la sede: FRIES Kunststofftechnik GmbH amplia il sito di Sulz con un nuovo edificio per uffici e produzione"}]},{"@type":"WebSite","@id":"https:\/\/www.fries-kt.com\/#website","url":"https:\/\/www.fries-kt.com\/","name":"FRIES","description":"","publisher":{"@id":"https:\/\/www.fries-kt.com\/#organization"},"potentialAction":[{"@type":"SearchAction","target":{"@type":"EntryPoint","urlTemplate":"https:\/\/www.fries-kt.com\/?s={search_term_string}"},"query-input":{"@type":"PropertyValueSpecification","valueRequired":true,"valueName":"search_term_string"}}],"inLanguage":"it-IT"},{"@type":"Organization","@id":"https:\/\/www.fries-kt.com\/#organization","name":"FRIES Kunststofftechnik GmbH","url":"https:\/\/www.fries-kt.com\/","logo":{"@type":"ImageObject","inLanguage":"it-IT","@id":"https:\/\/www.fries-kt.com\/#\/schema\/logo\/image\/","url":"https:\/\/www.fries-kt.com\/wp-content\/uploads\/fries-logo.png","contentUrl":"https:\/\/www.fries-kt.com\/wp-content\/uploads\/fries-logo.png","width":120,"height":60,"caption":"FRIES Kunststofftechnik GmbH"},"image":{"@id":"https:\/\/www.fries-kt.com\/#\/schema\/logo\/image\/"},"sameAs":["https:\/\/www.facebook.com\/FRIESKunststofftechnik\/","https:\/\/www.youtube.com\/channel\/UCc2UgnWJ9Y_-pIXbDIek7wQ"]},{"@type":"Person","@id":"https:\/\/www.fries-kt.com\/#\/schema\/person\/9f18129c8b4bbb33cf479091649b204f","name":"Leonie Konzett"}]}},"_links":{"self":[{"href":"https:\/\/www.fries-kt.com\/it\/wp-json\/wp\/v2\/posts\/78473","targetHints":{"allow":["GET"]}}],"collection":[{"href":"https:\/\/www.fries-kt.com\/it\/wp-json\/wp\/v2\/posts"}],"about":[{"href":"https:\/\/www.fries-kt.com\/it\/wp-json\/wp\/v2\/types\/post"}],"author":[{"embeddable":true,"href":"https:\/\/www.fries-kt.com\/it\/wp-json\/wp\/v2\/users\/29"}],"replies":[{"embeddable":true,"href":"https:\/\/www.fries-kt.com\/it\/wp-json\/wp\/v2\/comments?post=78473"}],"version-history":[{"count":11,"href":"https:\/\/www.fries-kt.com\/it\/wp-json\/wp\/v2\/posts\/78473\/revisions"}],"predecessor-version":[{"id":79843,"href":"https:\/\/www.fries-kt.com\/it\/wp-json\/wp\/v2\/posts\/78473\/revisions\/79843"}],"wp:featuredmedia":[{"embeddable":true,"href":"https:\/\/www.fries-kt.com\/it\/wp-json\/wp\/v2\/media\/78525"}],"wp:attachment":[{"href":"https:\/\/www.fries-kt.com\/it\/wp-json\/wp\/v2\/media?parent=78473"}],"wp:term":[{"taxonomy":"category","embeddable":true,"href":"https:\/\/www.fries-kt.com\/it\/wp-json\/wp\/v2\/categories?post=78473"},{"taxonomy":"post_tag","embeddable":true,"href":"https:\/\/www.fries-kt.com\/it\/wp-json\/wp\/v2\/tags?post=78473"}],"curies":[{"name":"wp","href":"https:\/\/api.w.org\/{rel}","templated":true}]}}